{"id":8557,"date":"2026-09-01T18:45:36","date_gmt":"2026-09-01T21:45:36","guid":{"rendered":"https:\/\/ens6-caba.infd.edu.ar\/sitio\/?p=8557"},"modified":"2026-09-01T18:57:12","modified_gmt":"2026-09-01T21:57:12","slug":"convocatoria-a-elecciones-para-el-cargo-de-rector-a-de-la-ens-no-6","status":"publish","type":"post","link":"https:\/\/ens6-caba.infd.edu.ar\/sitio\/convocatoria-a-elecciones-para-el-cargo-de-rector-a-de-la-ens-no-6\/","title":{"rendered":"Convocatoria a elecciones para el cargo de Rector\/a de la ENS N\u00ba 6"},"content":{"rendered":"\n<p class=\"has-contrast-color has-text-color\">La Rector\u00eda y el Consejo Directivo de la <strong>Escuela Normal Superior N\u00ba 6 \u201cVicente L\u00f3pez y Planes\u201d<\/strong> convocan a la comunidad educativa a participar del proceso electoral para la elecci\u00f3n del\/la <strong>Rector\/a de la instituci\u00f3n<\/strong>, cuyo mandato tendr\u00e1 inicio el <strong>1 de marzo de 2027<\/strong>.<\/p>\n\n\n\n<h2 class=\"wp-block-heading has-contrast-color has-text-color\">Cronograma electoral<\/h2>\n\n\n\n<p class=\"has-contrast-color has-text-color\">El proceso electoral se desarrollar\u00e1 de acuerdo con el siguiente cronograma:<\/p>\n\n\n\n<ul>\n<li><strong>1 de septiembre:<\/strong> conformaci\u00f3n de la Junta Electoral y comunicaci\u00f3n de la convocatoria.<\/li>\n\n\n\n<li><strong>2 al 9 de septiembre:<\/strong> exhibici\u00f3n de padrones provisorios.<\/li>\n\n\n\n<li><strong>10 al 15 de septiembre:<\/strong> per\u00edodo para reclamos.<\/li>\n\n\n\n<li><strong>16 y 18 de septiembre:<\/strong> correcci\u00f3n de padrones.<\/li>\n\n\n\n<li><strong>21 al 25 de septiembre:<\/strong> exhibici\u00f3n de padrones definitivos.<\/li>\n\n\n\n<li><strong>1 de septiembre al 14 de octubre:<\/strong> presentaci\u00f3n de postulantes.<\/li>\n\n\n\n<li><strong>15 y 16 de octubre:<\/strong> impugnaciones.<\/li>\n\n\n\n<li><strong>19 de octubre:<\/strong> oficializaci\u00f3n de listas.<\/li>\n\n\n\n<li><strong>20 al 23 de octubre:<\/strong> difusi\u00f3n de las propuestas.<\/li>\n\n\n\n<li><strong>23 de octubre:<\/strong> cierre de campa\u00f1a.<\/li>\n\n\n\n<li><strong>26 al 30 de octubre:<\/strong> comicios.<\/li>\n\n\n\n<li><strong>30 de octubre:<\/strong> escrutinio.<\/li>\n\n\n\n<li><strong>2 al 6 de noviembre:<\/strong> difusi\u00f3n de resultados.<\/li>\n\n\n\n<li><strong>1 de marzo de 2027:<\/strong> toma de posesi\u00f3n.<\/li>\n<\/ul>\n\n\n\n<p>En caso de corresponder una segunda vuelta:<\/p>\n\n\n\n<ul>\n<li><strong>9 al 13 de noviembre:<\/strong> segunda vuelta.<\/li>\n\n\n\n<li><strong>13 de noviembre:<\/strong> escrutinio.<\/li>\n\n\n\n<li><strong>13 al 18 de noviembre:<\/strong> difusi\u00f3n de resultados.<\/li>\n\n\n\n<li><strong>1 de marzo de 2027:<\/strong> toma de posesi\u00f3n.<\/li>\n<\/ul>\n\n\n\n<h2 class=\"wp-block-heading has-contrast-color has-text-color\">Requisitos para la postulaci\u00f3n<\/h2>\n\n\n\n<p class=\"has-contrast-color has-text-color\">De acuerdo con el Reglamento Org\u00e1nico Marco (ROM), Resol. 2025-1588-MEDGC, el cargo de Rector\/a es <strong>electivo y a t\u00e9rmino, con car\u00e1cter titular<\/strong>. Entre los requisitos establecidos se encuentran poseer t\u00edtulo docente y ser profesor\/a titular de formaci\u00f3n docente inicial, traductorado o psicopedagog\u00eda de la instituci\u00f3n. Asimismo, se requiere acreditar <strong>10 a\u00f1os de ejercicio de la docencia y 5 a\u00f1os en el nivel superior de la instituci\u00f3n en la cual se postula<\/strong>.<\/p>\n\n\n\n<p class=\"has-contrast-color has-text-color\">Tambi\u00e9n se establece un requisito formativo previo para la postulaci\u00f3n y la presentaci\u00f3n de un <strong>Proyecto de Gesti\u00f3n Institucional o plataforma electoral<\/strong>.<\/p>\n\n\n\n<h2 class=\"wp-block-heading has-contrast-color has-text-color\">Documentaci\u00f3n para la postulaci\u00f3n<\/h2>\n\n\n\n<p class=\"has-contrast-color has-text-color\">Las postulaciones deber\u00e1n incluir:<\/p>\n\n\n\n<ul>\n<li>Datos del\/de la postulante.<\/li>\n\n\n\n<li>Proyecto de Gesti\u00f3n Institucional.<\/li>\n\n\n\n<li>Curriculum vitae.<\/li>\n\n\n\n<li>Un\/a apoderado\/a que lo\/la represente ante la Junta Electoral.<\/li>\n\n\n\n<li>Publicaci\u00f3n y difusi\u00f3n del proyecto a la comunidad educativa.<\/li>\n\n\n\n<li>Carta de presentaci\u00f3n dirigida a la Junta Electoral.<\/li>\n\n\n\n<li>Boleta y n\u00famero de lista.<\/li>\n\n\n\n<li>Copias de t\u00edtulos y antecedentes.<\/li>\n<\/ul>\n\n\n\n<p class=\"has-contrast-color has-text-color\">La documentaci\u00f3n deber\u00e1 remitirse a la <strong>Junta Electoral y entregarse en Secretar\u00eda, en sobre cerrado<\/strong>, de 10:00 a 12:00 y de 14:00 a 16:00, de acuerdo con lo establecido en el Cronograma Electoral.<\/p>\n\n\n\n<p class=\"has-contrast-color has-text-color\"><strong>Se adjuntan para consulta de la comunidad educativa:<\/strong><\/p>\n\n\n\n<ul>\n<li><strong>Convocatoria a Elecciones Rector\/a 2026<\/strong><\/li>\n\n\n\n<li><strong>Cronograma Electoral \u2013 Elecciones Rectorado 2027-2032<\/strong><\/li>\n<\/ul>\n\n\n\n<p class=\"has-contrast-color has-text-color\">Se recomienda a las personas interesadas consultar la documentaci\u00f3n completa y respetar las fechas establecidas en el cronograma electoral.<\/p>\n\n\n\n<div class=\"wp-block-file\"><object class=\"wp-block-file__embed\" data=\"https:\/\/ens6-caba.infd.edu.ar\/sitio\/wp-content\/uploads\/2026\/09\/Convocatoria-Cobertura-Rectoria-Octubre-2026.pdf\" type=\"application\/pdf\" style=\"width:100%;height:600px\" aria-label=\"Incrustado de Convocatoria-Cobertura-Rectoria-Octubre-2026.\"><\/object><a id=\"wp-block-file--media-67ecbe12-00dc-4e61-bcf7-9e64668347fd\" href=\"https:\/\/ens6-caba.infd.edu.ar\/sitio\/wp-content\/uploads\/2026\/09\/Convocatoria-Cobertura-Rectoria-Octubre-2026.pdf\">Convocatoria-Cobertura-Rectoria-Octubre-2026<\/a><a href=\"https:\/\/ens6-caba.infd.edu.ar\/sitio\/wp-content\/uploads\/2026\/09\/Convocatoria-Cobertura-Rectoria-Octubre-2026.pdf\" class=\"wp-block-file__button wp-element-button\" download aria-describedby=\"wp-block-file--media-67ecbe12-00dc-4e61-bcf7-9e64668347fd\">Descarga<\/a><\/div>\n\n\n\n<div class=\"wp-block-file\"><object class=\"wp-block-file__embed\" data=\"https:\/\/ens6-caba.infd.edu.ar\/sitio\/wp-content\/uploads\/2026\/09\/Cronograma-electoral-Elecciones-Rectorado-2027-2032.pdf\" type=\"application\/pdf\" style=\"width:100%;height:600px\" aria-label=\"Incrustado de Cronograma-electoral-Elecciones-Rectorado-2027-2032.\"><\/object><a id=\"wp-block-file--media-bf018aac-ece1-4630-a4aa-42283e379487\" href=\"https:\/\/ens6-caba.infd.edu.ar\/sitio\/wp-content\/uploads\/2026\/09\/Cronograma-electoral-Elecciones-Rectorado-2027-2032.pdf\">Cronograma-electoral-Elecciones-Rectorado-2027-2032<\/a><a href=\"https:\/\/ens6-caba.infd.edu.ar\/sitio\/wp-content\/uploads\/2026\/09\/Cronograma-electoral-Elecciones-Rectorado-2027-2032.pdf\" class=\"wp-block-file__button wp-element-button\" download aria-describedby=\"wp-block-file--media-bf018aac-ece1-4630-a4aa-42283e379487\">Descarga<\/a><\/div>\n","protected":false},"excerpt":{"rendered":"<p>La Rector\u00eda y el Consejo Directivo de la Escuela Normal Superior N\u00ba 6 \u201cVicente L\u00f3pez y Planes\u201d convocan a la comunidad educativa a participar del proceso electoral para la elecci\u00f3n del\/la Rector\/a de la instituci\u00f3n, cuyo mandato tendr\u00e1 inicio el 1 de marzo de 2027. Cronograma electoral El proceso electoral se desarrollar\u00e1 de acuerdo con &#8230; <a title=\"Convocatoria a elecciones para el cargo de Rector\/a de la ENS N\u00ba 6\" class=\"read-more\" href=\"https:\/\/ens6-caba.infd.edu.ar\/sitio\/convocatoria-a-elecciones-para-el-cargo-de-rector-a-de-la-ens-no-6\/\" aria-label=\"More on Convocatoria a elecciones para el cargo de Rector\/a de la ENS N\u00ba 6\">[+]<\/a><\/p>\n","protected":false},"author":1582,"featured_media":0,"comment_status":"closed","ping_status":"closed","sticky":false,"template":"","format":"image","meta":[],"categories":[1],"tags":[],"acf":[],"_links":{"self":[{"href":"https:\/\/ens6-caba.infd.edu.ar\/sitio\/wp-json\/wp\/v2\/posts\/8557"}],"collection":[{"href":"https:\/\/ens6-caba.infd.edu.ar\/sitio\/wp-json\/wp\/v2\/posts"}],"about":[{"href":"https:\/\/ens6-caba.infd.edu.ar\/sitio\/wp-json\/wp\/v2\/types\/post"}],"author":[{"embeddable":true,"href":"https:\/\/ens6-caba.infd.edu.ar\/sitio\/wp-json\/wp\/v2\/users\/1582"}],"replies":[{"embeddable":true,"href":"https:\/\/ens6-caba.infd.edu.ar\/sitio\/wp-json\/wp\/v2\/comments?post=8557"}],"version-history":[{"count":2,"href":"https:\/\/ens6-caba.infd.edu.ar\/sitio\/wp-json\/wp\/v2\/posts\/8557\/revisions"}],"predecessor-version":[{"id":8561,"href":"https:\/\/ens6-caba.infd.edu.ar\/sitio\/wp-json\/wp\/v2\/posts\/8557\/revisions\/8561"}],"wp:attachment":[{"href":"https:\/\/ens6-caba.infd.edu.ar\/sitio\/wp-json\/wp\/v2\/media?parent=8557"}],"wp:term":[{"taxonomy":"category","embeddable":true,"href":"https:\/\/ens6-caba.infd.edu.ar\/sitio\/wp-json\/wp\/v2\/categories?post=8557"},{"taxonomy":"post_tag","embeddable":true,"href":"https:\/\/ens6-caba.infd.edu.ar\/sitio\/wp-json\/wp\/v2\/tags?post=8557"}],"curies":[{"name":"wp","href":"https:\/\/api.w.org\/{rel}","templated":true}]}}